{"id":81,"date":"2015-06-14T11:11:06","date_gmt":"2015-06-14T11:11:06","guid":{"rendered":"https:\/\/infinitythemes.ge\/aden-examples\/?p=81"},"modified":"2024-05-25T23:46:08","modified_gmt":"2024-05-25T21:46:08","slug":"obsluga-medialna","status":"publish","type":"post","link":"https:\/\/fabrykamediow.pl\/index.php\/2015\/06\/14\/obsluga-medialna\/","title":{"rendered":"Obs\u0142uga Medialna \u2013 Kompleksowe wsparcie dla Twojego wydarzenia"},"content":{"rendered":"<p><strong>Skuteczna komunikacja medialna jest kluczowa dla sukcesu ka\u017cdego wydarzenia. Niezale\u017cnie od tego, czy organizujesz konferencj\u0119 prasow\u0105, kongres, czy inny event, profesjonalna obs\u0142uga medialna zapewnia, \u017ce Tw\u00f3j przekaz dotrze do szerokiego grona odbiorc\u00f3w i zyska odpowiedni\u0105 widoczno\u015b\u0107. Nasza firma specjalizuje si\u0119 w kompleksowej obs\u0142udze medialnej, oferuj\u0105c pe\u0142ne wsparcie na ka\u017cdym etapie organizacji wydarzenia.<\/strong><\/p>\n<h4>Czym Jest Obs\u0142uga Medialna?<\/h4>\n<p>Obs\u0142uga medialna to zestaw dzia\u0142a\u0144 maj\u0105cych na celu zapewnienie skutecznej komunikacji i promocji wydarze\u0144 w mediach. Obejmuje budowanie zespo\u0142\u00f3w prasowych, zarz\u0105dzanie relacjami z mediami, przygotowywanie informacji prasowych, biuletyn\u00f3w informacyjnych oraz profesjonalnych relacji wideo. To tak\u017ce dba\u0142o\u015b\u0107 o kontakty z mediami, promowanie wydarze\u0144 w prasie, radiu i telewizji oraz organizacja r\u00f3\u017cnorodnych event\u00f3w, takich jak konferencje prasowe i kongresy.<\/p>\n<h4>Dlaczego Warto Inwestowa\u0107 w Profesjonaln\u0105 Obs\u0142ug\u0119 Medialn\u0105?<\/h4>\n<p><strong>Zwi\u0119kszenie Widoczno\u015bci<\/strong> Dzi\u0119ki profesjonalnej obs\u0142udze medialnej, Twoje wydarzenie zyskuje na widoczno\u015bci. Skuteczna komunikacja z mediami i szeroka promocja w r\u00f3\u017cnych kana\u0142ach medialnych przyci\u0105gaj\u0105 uwag\u0119 odbiorc\u00f3w i zwi\u0119kszaj\u0105 zainteresowanie wydarzeniem.<\/p>\n<p><strong>Budowanie Wiarygodno\u015bci<\/strong> Profesjonalnie przygotowane informacje prasowe, biuletyny i relacje wideo podnosz\u0105 wiarygodno\u015b\u0107 Twojego wydarzenia. Wsp\u00f3\u0142praca z do\u015bwiadczonymi specjalistami ds. komunikacji medialnej zapewnia wysok\u0105 jako\u015b\u0107 przekazu i buduje pozytywny wizerunek organizatora.<\/p>\n<p><strong>Skuteczna Komunikacja z Mediami<\/strong> Dobre relacje z mediami to klucz do sukcesu ka\u017cdego wydarzenia. Dzi\u0119ki naszym kontaktom i bazom dziennikarzy, Twoje informacje prasowe trafiaj\u0105 do odpowiednich os\u00f3b, co zwi\u0119ksza szanse na szerok\u0105 publikacj\u0119 i pozytywny odbi\u00f3r w mediach.<\/p>\n<p><strong>Profesjonalne Relacje wideo<\/strong> Relacje wideo z wydarze\u0144 s\u0105 nieodzownym elementem nowoczesnej komunikacji. Nasz zesp\u00f3\u0142 zapewnia profesjonalne przygotowanie materia\u0142\u00f3w wideo, kt\u00f3re skutecznie oddaj\u0105 atmosfer\u0119 i kluczowe momenty Twojego eventu, przyci\u0105gaj\u0105c uwag\u0119 odbiorc\u00f3w i medi\u00f3w.<\/p>\n<h4>Nasza Oferta \u2013 Kompleksowa Obs\u0142uga Medialna<\/h4>\n<p><strong>Budowanie Zespo\u0142\u00f3w Prasowych<\/strong> Tworzymy i zarz\u0105dzamy zespo\u0142ami prasowymi, kt\u00f3re odpowiadaj\u0105 za skuteczn\u0105 komunikacj\u0119 z mediami. Nasi specjali\u015bci ds. PR i rzecznicy prasowi dbaj\u0105 o to, by informacje o Twoim wydarzeniu by\u0142y rzetelne i atrakcyjne dla dziennikarzy.<\/p>\n<p><strong>Obs\u0142uga Event\u00f3w od Strony Medialnej<\/strong> Zajmujemy si\u0119 kompleksow\u0105 obs\u0142ug\u0105 medialn\u0105 event\u00f3w, od przygotowania i dystrybucji informacji prasowych, przez prowadzenie biuletyn\u00f3w informacyjnych, po organizacj\u0119 konferencji prasowych i relacji wideo.<\/p>\n<p><strong>Relacje z Mediami<\/strong> Dbamy o trwa\u0142e i profesjonalne relacje z mediami. Gromadzimy bazy dziennikarzy, rozsy\u0142amy informacje prasowe i monitorujemy publikacje, aby zapewni\u0107 maksymaln\u0105 widoczno\u015b\u0107 Twojego wydarzenia.<\/p>\n<p><strong>Promocja w Mediach<\/strong> Promujemy Twoje wydarzenia w prasie, radiu i telewizji, zapewniaj\u0105c szerok\u0105 i skuteczn\u0105 promocj\u0119. Dzi\u0119ki naszym kontaktom i do\u015bwiadczeniu, Twoje wydarzenie zyska odpowiedni\u0105 opraw\u0119 medialn\u0105 i dotrze do szerokiego grona odbiorc\u00f3w.<\/p>\n<p><strong>Organizacja Wydarze\u0144<\/strong> Organizujemy r\u00f3\u017cnorodne wydarzenia, takie jak konferencje naukowe, konferencje prasowe, kongresy i inne eventy. Dbamy o ka\u017cdy aspekt organizacyjny, od planowania i logistyki, po promocj\u0119 i obs\u0142ug\u0119 medialn\u0105.<\/p>\n<h4>Dlaczego Warto Nam Zaufa\u0107?<\/h4>\n<p><strong>Do\u015bwiadczenie i Profesjonalizm<\/strong> Nasz zesp\u00f3\u0142 sk\u0142ada si\u0119 z do\u015bwiadczonych specjalist\u00f3w ds. komunikacji i PR, kt\u00f3rzy zapewniaj\u0105 najwy\u017csz\u0105 jako\u015b\u0107 us\u0142ug. Dzi\u0119ki naszemu do\u015bwiadczeniu mo\u017cemy skutecznie wspiera\u0107 organizacj\u0119 i promocj\u0119 Twojego wydarzenia.<\/p>\n<p><strong>Indywidualne Podej\u015bcie<\/strong> Ka\u017cde wydarzenie jest inne, dlatego podchodzimy do ka\u017cdego projektu indywidualnie. Dostosowujemy nasze dzia\u0142ania do specyficznych potrzeb i cel\u00f3w klienta, zapewniaj\u0105c spersonalizowane i efektywne rozwi\u0105zania.<\/p>\n<p><strong>Kompleksowa Obs\u0142uga<\/strong> Oferujemy pe\u0142en zakres us\u0142ug medialnych, od budowania zespo\u0142\u00f3w prasowych, przez relacje z mediami, po organizacj\u0119 i promocj\u0119 wydarze\u0144. Dzi\u0119ki temu mo\u017cesz skupi\u0107 si\u0119 na merytorycznej stronie eventu, a my zadbamy o komunikacj\u0119 i promocj\u0119.<\/p>\n<p><strong>Sukcesy Naszych Klient\u00f3w<\/strong> Sukcesy naszych klient\u00f3w s\u0105 naszym najlepszym \u015bwiadectwem. Realizowane przez nas kampanie medialne przynosz\u0105 wymierne rezultaty, zwi\u0119kszaj\u0105c widoczno\u015b\u0107 i presti\u017c organizowanych wydarze\u0144.<\/p>\n<p>Specjalizujemy si\u0119 w kompleksowej obs\u0142udze medialnej, oferuj\u0105c pe\u0142ne wsparcie w organizacji i promocji wydarze\u0144. Zaufaj naszym ekspertom i przekonaj si\u0119, jak skutecznie mo\u017cemy pom\u00f3c Ci w komunikacji i promocji Twojego eventu. Skontaktuj si\u0119 z nami ju\u017c dzi\u015b i rozpocznij wsp\u00f3\u0142prac\u0119 z profesjonalistami!<\/p>\n","protected":false},"excerpt":{"rendered":"<p>Skuteczna komunikacja medialna jest kluczowa dla sukcesu ka\u017cdego wydarzenia. Niezale\u017cnie od tego, czy organizujesz konferencj\u0119 prasow\u0105, kongres, czy inny event, profesjonalna obs\u0142uga medialna zapewnia, \u017ce Tw\u00f3j przekaz dotrze do szerokiego grona odbiorc\u00f3w i zyska odpowiedni\u0105 widoczno\u015b\u0107. Nasza firma specjalizuje si\u0119 w kompleksowej obs\u0142udze medialnej, oferuj\u0105c pe\u0142ne wsparcie na ka\u017cdym etapie organizacji wydarzenia. Czym Jest Obs\u0142uga&#8230;<\/p>\n","protected":false},"author":1,"featured_media":2817,"comment_status":"open","ping_status":"open","sticky":false,"template":"","format":"standard","meta":{"footnotes":""},"categories":[4],"tags":[],"class_list":["post-81","post","type-post","status-publish","format-standard","has-post-thumbnail","hentry","category-jak-dzialamy","main-post"],"_links":{"self":[{"href":"https:\/\/fabrykamediow.pl\/index.php\/wp-json\/wp\/v2\/posts\/81","targetHints":{"allow":["GET"]}}],"collection":[{"href":"https:\/\/fabrykamediow.pl\/index.php\/wp-json\/wp\/v2\/posts"}],"about":[{"href":"https:\/\/fabrykamediow.pl\/index.php\/wp-json\/wp\/v2\/types\/post"}],"author":[{"embeddable":true,"href":"https:\/\/fabrykamediow.pl\/index.php\/wp-json\/wp\/v2\/users\/1"}],"replies":[{"embeddable":true,"href":"https:\/\/fabrykamediow.pl\/index.php\/wp-json\/wp\/v2\/comments?post=81"}],"version-history":[{"count":3,"href":"https:\/\/fabrykamediow.pl\/index.php\/wp-json\/wp\/v2\/posts\/81\/revisions"}],"predecessor-version":[{"id":2916,"href":"https:\/\/fabrykamediow.pl\/index.php\/wp-json\/wp\/v2\/posts\/81\/revisions\/2916"}],"wp:featuredmedia":[{"embeddable":true,"href":"https:\/\/fabrykamediow.pl\/index.php\/wp-json\/wp\/v2\/media\/2817"}],"wp:attachment":[{"href":"https:\/\/fabrykamediow.pl\/index.php\/wp-json\/wp\/v2\/media?parent=81"}],"wp:term":[{"taxonomy":"category","embeddable":true,"href":"https:\/\/fabrykamediow.pl\/index.php\/wp-json\/wp\/v2\/categories?post=81"},{"taxonomy":"post_tag","embeddable":true,"href":"https:\/\/fabrykamediow.pl\/index.php\/wp-json\/wp\/v2\/tags?post=81"}],"curies":[{"name":"wp","href":"https:\/\/api.w.org\/{rel}","templated":true}]}}