{"id":2843,"date":"2024-05-24T22:24:07","date_gmt":"2024-05-24T20:24:07","guid":{"rendered":"https:\/\/fabrykamediow.pl\/?p=2843"},"modified":"2024-05-25T20:32:46","modified_gmt":"2024-05-25T18:32:46","slug":"fabryka-mediow-komunikacja-przyszlosci","status":"publish","type":"post","link":"https:\/\/fabrykamediow.pl\/index.php\/2024\/05\/24\/fabryka-mediow-komunikacja-przyszlosci\/","title":{"rendered":"Fabryka Medi\u00f3w &#8211; Komunikacja Przysz\u0142o\u015bci"},"content":{"rendered":"<p class=\"p1\"><strong>Witaj w Fabryce Medi\u00f3w \u2013 firmie, kt\u00f3ra \u0142\u0105czy do\u015bwiadczenie, profesjonalizm i pasj\u0119, aby pom\u00f3c Ci w budowaniu i zarz\u0105dzaniu wizerunkiem. Za\u0142o\u017cona przez Piotra Trzci\u0144skiego, do\u015bwiadczonego dziennikarza radiowo-telewizyjnego i trenera w zakresie komunikacji, kryzys\u00f3w wizerunkowych oraz zarz\u0105dzania wizerunkiem w mediach. Jego wieloletnie do\u015bwiadczenie w mediach, zar\u00f3wno radiowych, jak i telewizyjnych, pozwoli\u0142o mu zdoby\u0107 unikaln\u0105 wiedz\u0119 i umiej\u0119tno\u015bci, kt\u00f3re teraz wykorzystuje, aby wspiera\u0107 naszych klient\u00f3w. Jako trener w zakresie komunikacji, Piotr przeprowadzi\u0142 setki godzin szkole\u0144, pomagaj\u0105c osobom publicznym, politykom, prezesom du\u017cych firm oraz wielu instytucjom doskonali\u0107 swoje umiej\u0119tno\u015bci i budowa\u0107 silny, pozytywny wizerunek.<\/strong><\/p>\n<p class=\"p1\">Fabryka Medi\u00f3w to zesp\u00f3\u0142 ekspert\u00f3w, kt\u00f3rzy z pasj\u0105 i zaanga\u017cowaniem realizuj\u0105 projekty zwi\u0105zane z kreowaniem wizerunku, opracowywaniem strategii komunikacji oraz zarz\u0105dzaniem kryzysowym. Nasza misja to dostarczanie najwy\u017cszej jako\u015bci us\u0142ug, kt\u00f3re pomog\u0105 naszym klientom osi\u0105ga\u0107 sukcesy i wyr\u00f3\u017cnia\u0107 si\u0119 na tle konkurencji. Pracujemy z osobami publicznymi, politykami, dziennikarzami, prezesami i w\u0142a\u015bcicielami du\u017cych firm, a tak\u017ce z instytucjami takimi jak sp\u00f3\u0142ki miejskie, samorz\u0105dy, ministerstwa, fundacje i organizacje pozarz\u0105dowe, ale r\u00f3wnie\u017c prywatne podmioty, kt\u00f3re szukaj\u0105 skutecznego i do\u015bwiadczonego zespo\u0142u.<\/p>\n<p class=\"p1\">Nasza firma zdoby\u0142a zaufanie wielu klient\u00f3w dzi\u0119ki profesjonalizmowi, indywidualnemu podej\u015bciu oraz skuteczno\u015bci naszych dzia\u0142a\u0144. Wsp\u00f3\u0142pracujemy z r\u00f3\u017cnorodnymi podmiotami, pomagaj\u0105c im efektywnie komunikowa\u0107 si\u0119 z otoczeniem, zarz\u0105dza\u0107 wizerunkiem oraz radzi\u0107 sobie w sytuacjach kryzysowych. Dzi\u0119ki naszemu wsparciu nasi klienci zyskali przewag\u0119 konkurencyjn\u0105 i umocnili swoj\u0105 pozycj\u0119 na rynku.<\/p>\n<p class=\"p1\">W Fabryce Medi\u00f3w wierzymy, \u017ce klucz do sukcesu tkwi w dobrze przemy\u015blanej strategii komunikacyjnej oraz umiej\u0119tnym zarz\u0105dzaniu wizerunkiem. Dlatego oferujemy pe\u0142en zakres us\u0142ug, kt\u00f3re obejmuj\u0105 nie tylko szkolenia i doradztwo, ale r\u00f3wnie\u017c kompleksowe zarz\u0105dzanie kryzysowe oraz obs\u0142ug\u0119 medialn\u0105. Naszym celem jest dostarczanie rozwi\u0105za\u0144, kt\u00f3re s\u0105 nie tylko skuteczne, ale r\u00f3wnie\u017c dostosowane do indywidualnych potrzeb i cel\u00f3w naszych klient\u00f3w.<\/p>\n<blockquote>\n<p style=\"text-align: center;\"><em>Komunikacja, to prawdziwa bro\u0144, kt\u00f3ra potrafi zmienia\u0107 oblicze \u015bwiata&#8230;<\/em><\/p>\n<\/blockquote>\n","protected":false},"excerpt":{"rendered":"<p>Witaj w Fabryce Medi\u00f3w \u2013 firmie, kt\u00f3ra \u0142\u0105czy do\u015bwiadczenie, profesjonalizm i pasj\u0119, aby pom\u00f3c Ci w budowaniu i zarz\u0105dzaniu wizerunkiem. Za\u0142o\u017cona przez Piotra Trzci\u0144skiego, do\u015bwiadczonego dziennikarza radiowo-telewizyjnego i trenera w zakresie komunikacji, kryzys\u00f3w wizerunkowych oraz zarz\u0105dzania wizerunkiem w mediach. Jego wieloletnie do\u015bwiadczenie w mediach, zar\u00f3wno radiowych, jak i telewizyjnych, pozwoli\u0142o mu zdoby\u0107 unikaln\u0105 wiedz\u0119 i&#8230;<\/p>\n","protected":false},"author":1,"featured_media":2910,"comment_status":"open","ping_status":"open","sticky":false,"template":"","format":"standard","meta":{"footnotes":""},"categories":[3],"tags":[],"class_list":["post-2843","post","type-post","status-publish","format-standard","has-post-thumbnail","hentry","category-o-fm","main-post"],"_links":{"self":[{"href":"https:\/\/fabrykamediow.pl\/index.php\/wp-json\/wp\/v2\/posts\/2843","targetHints":{"allow":["GET"]}}],"collection":[{"href":"https:\/\/fabrykamediow.pl\/index.php\/wp-json\/wp\/v2\/posts"}],"about":[{"href":"https:\/\/fabrykamediow.pl\/index.php\/wp-json\/wp\/v2\/types\/post"}],"author":[{"embeddable":true,"href":"https:\/\/fabrykamediow.pl\/index.php\/wp-json\/wp\/v2\/users\/1"}],"replies":[{"embeddable":true,"href":"https:\/\/fabrykamediow.pl\/index.php\/wp-json\/wp\/v2\/comments?post=2843"}],"version-history":[{"count":1,"href":"https:\/\/fabrykamediow.pl\/index.php\/wp-json\/wp\/v2\/posts\/2843\/revisions"}],"predecessor-version":[{"id":2844,"href":"https:\/\/fabrykamediow.pl\/index.php\/wp-json\/wp\/v2\/posts\/2843\/revisions\/2844"}],"wp:featuredmedia":[{"embeddable":true,"href":"https:\/\/fabrykamediow.pl\/index.php\/wp-json\/wp\/v2\/media\/2910"}],"wp:attachment":[{"href":"https:\/\/fabrykamediow.pl\/index.php\/wp-json\/wp\/v2\/media?parent=2843"}],"wp:term":[{"taxonomy":"category","embeddable":true,"href":"https:\/\/fabrykamediow.pl\/index.php\/wp-json\/wp\/v2\/categories?post=2843"},{"taxonomy":"post_tag","embeddable":true,"href":"https:\/\/fabrykamediow.pl\/index.php\/wp-json\/wp\/v2\/tags?post=2843"}],"curies":[{"name":"wp","href":"https:\/\/api.w.org\/{rel}","templated":true}]}}