{"id":2782,"date":"2015-09-27T11:11:15","date_gmt":"2015-09-27T11:11:15","guid":{"rendered":"https:\/\/infinitythemes.ge\/aden-examples\/?p=23"},"modified":"2024-05-25T23:43:58","modified_gmt":"2024-05-25T21:43:58","slug":"standart-post","status":"publish","type":"post","link":"https:\/\/fabrykamediow.pl\/index.php\/2015\/09\/27\/standart-post\/","title":{"rendered":"Self Marketing \u2013 Klucz do sukcesu w nowoczesnym \u015bwiecie"},"content":{"rendered":"<p><strong>W dzisiejszym dynamicznie zmieniaj\u0105cym si\u0119 \u015bwiecie, gdzie informacje rozprzestrzeniaj\u0105 si\u0119 b\u0142yskawicznie, a konkurencja jest na wyci\u0105gni\u0119cie r\u0119ki, dbanie o w\u0142asny wizerunek sta\u0142o si\u0119 nieodzownym elementem strategii sukcesu. Niezale\u017cnie od tego, czy jeste\u015b politykiem, samorz\u0105dowcem, prezesem du\u017cej firmy czy osob\u0105 publiczn\u0105, efektywny self marketing jest kluczem do budowania zaufania, zwi\u0119kszania rozpoznawalno\u015bci i osi\u0105gania swoich cel\u00f3w zawodowych.<\/strong><\/p>\n<h4>Dlaczego Self Marketing Jest Wa\u017cny?<\/h4>\n<p><strong>1. Budowanie Wiarygodno\u015bci i Zaufania<\/strong> Osoby publiczne, takie jak politycy czy prezesi firm, musz\u0105 nieustannie budowa\u0107 i podtrzymywa\u0107 zaufanie swoich odbiorc\u00f3w. Wizerunek, kt\u00f3ry kreujesz, jest fundamentem, na kt\u00f3rym opieraj\u0105 si\u0119 Twoje relacje z wyborcami, klientami czy partnerami biznesowymi. Profesjonalny wizerunek wzmacnia Twoj\u0105 wiarygodno\u015b\u0107 i sprawia, \u017ce ludzie ch\u0119tniej anga\u017cuj\u0105 si\u0119 w Twoje inicjatywy i przedsi\u0119wzi\u0119cia.<\/p>\n<p><strong>2. Zwi\u0119kszanie Rozpoznawalno\u015bci<\/strong> Efektywny self marketing pomaga wyr\u00f3\u017cni\u0107 si\u0119 na tle konkurencji. Dzi\u0119ki odpowiednim narz\u0119dziom i strategiom Twoje osi\u0105gni\u0119cia, warto\u015bci i unikalne cechy zostan\u0105 dostrze\u017cone przez szersze\u00a0grono odbiorc\u00f3w. To kluczowy element, kt\u00f3ry pozwala na budowanie silnej marki osobistej, kt\u00f3ra jest \u0142atwo rozpoznawalna i ceniona w Twojej bran\u017cy.<\/p>\n<p><strong>3. Osi\u0105ganie Cel\u00f3w Zawodowych<\/strong> Kreowanie pozytywnego wizerunku to nie tylko kwestia presti\u017cu, ale tak\u017ce konkretne korzy\u015bci zawodowe. Dzi\u0119ki skutecznemu self marketingowi mo\u017cesz przyci\u0105gn\u0105\u0107 nowych klient\u00f3w, zdoby\u0107 partner\u00f3w biznesowych czy zyska\u0107 wi\u0119ksze poparcie spo\u0142eczne. Twoja reputacja staje si\u0119 magnesem, kt\u00f3ry przyci\u0105ga okazje i otwiera drzwi do nowych mo\u017cliwo\u015bci.<\/p>\n<h4>Jak Dba\u0107 o W\u0142asny Wizerunek?<\/h4>\n<p><strong>Profesjonalne Doradztwo:<\/strong> Wsp\u00f3\u0142praca z ekspertami w dziedzinie kreowania wizerunku i strategii komunikacji to inwestycja, kt\u00f3ra zwraca si\u0119 wielokrotnie. Nasi specjali\u015bci pomog\u0105 Ci zidentyfikowa\u0107 mocne strony, opracowa\u0107 sp\u00f3jn\u0105 strategi\u0119 oraz wdro\u017cy\u0107 skuteczne narz\u0119dzia promocji.<\/p>\n<p><strong>Szkolenia Medialne:<\/strong> Umiej\u0119tno\u015b\u0107 efektywnej komunikacji z mediami jest nieoceniona. Nasze szkolenia medialne przygotuj\u0105 Ci\u0119 do wyst\u0105pie\u0144 publicznych, wywiad\u00f3w i debat, pomagaj\u0105c zaprezentowa\u0107 si\u0119 pewnie i profesjonalnie.<\/p>\n<p><strong>Sp\u00f3jna Strategia Komunikacji:<\/strong> Ka\u017cdy aspekt Twojej komunikacji \u2013 od post\u00f3w w mediach spo\u0142eczno\u015bciowych po wyst\u0105pienia publiczne \u2013 powinien by\u0107 sp\u00f3jny i zgodny z Twoimi warto\u015bciami oraz celami. Opracujemy dla Ciebie strategi\u0119, kt\u00f3ra pomo\u017ce utrzyma\u0107 jednolity przekaz i wzmocni Twoj\u0105 mark\u0119 osobist\u0105.<\/p>\n<p>W \u015bwiecie, gdzie ka\u017cdy detal ma znaczenie, a pierwszy kontakt mo\u017ce zdecydowa\u0107 o przysz\u0142ej wsp\u00f3\u0142pracy, self marketing to niezb\u0119dne narz\u0119dzie sukcesu. Profesjonalny wizerunek to klucz do budowania zaufania, rozpoznawalno\u015bci i realizacji cel\u00f3w zawodowych. Zapraszamy do wsp\u00f3\u0142pracy \u2013 razem stworzymy strategi\u0119, kt\u00f3ra pozwoli Ci wyr\u00f3\u017cni\u0107 si\u0119 na tle konkurencji i osi\u0105gn\u0105\u0107 zamierzone cele.<\/p>\n<h3>FABRYKA MEDI\u00d3W \u2013 Tw\u00f3j Partner w Kreowaniu Sukcesu<\/h3>\n<p>Nasza firma specjalizuje si\u0119 w kreowaniu wizerunku, opracowywaniu strategii komunikacji, szkoleniach medialnych oraz og\u00f3lnie poj\u0119tej komunikacji. Zaufaj naszym ekspertom i przekonaj si\u0119, jak skutecznie mo\u017cemy pom\u00f3c Ci w budowaniu Twojej marki osobistej. Skontaktuj si\u0119 z nami ju\u017c dzi\u015b i rozpocznij swoj\u0105 drog\u0119 do sukcesu!<\/p>\n","protected":false},"excerpt":{"rendered":"<p>W dzisiejszym dynamicznie zmieniaj\u0105cym si\u0119 \u015bwiecie, gdzie informacje rozprzestrzeniaj\u0105 si\u0119 b\u0142yskawicznie, a konkurencja jest na wyci\u0105gni\u0119cie r\u0119ki, dbanie o w\u0142asny wizerunek sta\u0142o si\u0119 nieodzownym elementem strategii sukcesu. Niezale\u017cnie od tego, czy jeste\u015b politykiem, samorz\u0105dowcem, prezesem du\u017cej firmy czy osob\u0105 publiczn\u0105, efektywny self marketing jest kluczem do budowania zaufania, zwi\u0119kszania rozpoznawalno\u015bci i osi\u0105gania swoich cel\u00f3w zawodowych&#8230;.<\/p>\n","protected":false},"author":1,"featured_media":2807,"comment_status":"open","ping_status":"open","sticky":false,"template":"","format":"standard","meta":{"footnotes":""},"categories":[4],"tags":[],"class_list":["post-2782","post","type-post","status-publish","format-standard","has-post-thumbnail","hentry","category-jak-dzialamy","main-post"],"_links":{"self":[{"href":"https:\/\/fabrykamediow.pl\/index.php\/wp-json\/wp\/v2\/posts\/2782","targetHints":{"allow":["GET"]}}],"collection":[{"href":"https:\/\/fabrykamediow.pl\/index.php\/wp-json\/wp\/v2\/posts"}],"about":[{"href":"https:\/\/fabrykamediow.pl\/index.php\/wp-json\/wp\/v2\/types\/post"}],"author":[{"embeddable":true,"href":"https:\/\/fabrykamediow.pl\/index.php\/wp-json\/wp\/v2\/users\/1"}],"replies":[{"embeddable":true,"href":"https:\/\/fabrykamediow.pl\/index.php\/wp-json\/wp\/v2\/comments?post=2782"}],"version-history":[{"count":4,"href":"https:\/\/fabrykamediow.pl\/index.php\/wp-json\/wp\/v2\/posts\/2782\/revisions"}],"predecessor-version":[{"id":2913,"href":"https:\/\/fabrykamediow.pl\/index.php\/wp-json\/wp\/v2\/posts\/2782\/revisions\/2913"}],"wp:featuredmedia":[{"embeddable":true,"href":"https:\/\/fabrykamediow.pl\/index.php\/wp-json\/wp\/v2\/media\/2807"}],"wp:attachment":[{"href":"https:\/\/fabrykamediow.pl\/index.php\/wp-json\/wp\/v2\/media?parent=2782"}],"wp:term":[{"taxonomy":"category","embeddable":true,"href":"https:\/\/fabrykamediow.pl\/index.php\/wp-json\/wp\/v2\/categories?post=2782"},{"taxonomy":"post_tag","embeddable":true,"href":"https:\/\/fabrykamediow.pl\/index.php\/wp-json\/wp\/v2\/tags?post=2782"}],"curies":[{"name":"wp","href":"https:\/\/api.w.org\/{rel}","templated":true}]}}